{"id":1779,"date":"2011-12-29T08:34:22","date_gmt":"2011-12-29T06:34:22","guid":{"rendered":"http:\/\/www.laurentmarot.fr\/wordpress\/?p=1779"},"modified":"2011-12-29T12:35:42","modified_gmt":"2011-12-29T10:35:42","slug":"mission-jeanne-darc-depart-de-toulon-en-2012","status":"publish","type":"post","link":"https:\/\/www.laurentmarot.fr\/wordpress\/?p=1779","title":{"rendered":"Mission Jeanne-d&rsquo;Arc. D\u00e9part de Toulon en 2012"},"content":{"rendered":"<p><strong> <\/strong><\/p>\n<div id=\"attachment_1782\" style=\"width: 223px\" class=\"wp-caption alignleft\"><strong><a href=\"http:\/\/www.laurentmarot.fr\/wordpress\/wp-content\/uploads\/2011\/12\/1551074_11218687-bstjeannearc-20111229-f111k.jpg\" rel=\"lightbox[1779]\"><img loading=\"lazy\" decoding=\"async\" aria-describedby=\"caption-attachment-1782\" class=\"size-medium wp-image-1782 \" title=\"Mission Jeanne-d'Arc. D\u00e9part de Toulon en 2012. Brest n'est plus le port de d\u00e9part naturel de la mission Jeanne-d'Arc. Les amoureux de la Jeanne s'appr\u00eataient pourtant \u00e0 f\u00eater le 100e anniversaire du premier d\u00e9part de Brest. (Photo d'archives Le T\u00e9l\u00e9gramme)\" src=\"http:\/\/www.laurentmarot.fr\/wordpress\/wp-content\/uploads\/2011\/12\/1551074_11218687-bstjeannearc-20111229-f111k-213x300.jpg\" alt=\"Mission Jeanne-d'Arc. D\u00e9part de Toulon en 2012. Brest n'est plus le port de d\u00e9part naturel de la mission Jeanne-d'Arc. Les amoureux de la Jeanne s'appr\u00eataient pourtant \u00e0 f\u00eater le 100e anniversaire du premier d\u00e9part de Brest. (Photo d'archives Le T\u00e9l\u00e9gramme)\" width=\"213\" height=\"300\" srcset=\"https:\/\/www.laurentmarot.fr\/wordpress\/wp-content\/uploads\/2011\/12\/1551074_11218687-bstjeannearc-20111229-f111k-213x300.jpg 213w, https:\/\/www.laurentmarot.fr\/wordpress\/wp-content\/uploads\/2011\/12\/1551074_11218687-bstjeannearc-20111229-f111k.jpg 288w\" sizes=\"(max-width: 213px) 100vw, 213px\" \/><\/a><\/strong><p id=\"caption-attachment-1782\" class=\"wp-caption-text\">Mission Jeanne-d&#39;Arc. D\u00e9part de Toulon en 2012. Brest n&#39;est plus le port de d\u00e9part naturel de la mission Jeanne-d&#39;Arc. Les amoureux de la Jeanne s&#39;appr\u00eataient pourtant \u00e0 f\u00eater le 100e anniversaire du premier d\u00e9part de Brest. (Photo d&#39;archives Le T\u00e9l\u00e9gramme)<\/p><\/div>\n<p><strong>Brest perd un d\u00e9part de tour du monde, et pas des moindres, puisque la mission Jeanne-d&rsquo;Arc s&rsquo;\u00e9branlera,en mars2012,de Toulon. Il fallait s&rsquo;y attendre.<\/strong><\/p>\n<p>&nbsp;<\/p>\n<p>Le pr\u00e9c\u00e9dent chef d&rsquo;\u00e9tat-major de la Marine, Pierre-Fran\u00e7ois Forissier, avait pourtant rappel\u00e9 son attachement \u00e0 la mission Jeanne-d&rsquo;Arc, qui sert \u00e0 l&rsquo;ultime mise en situation des futurs officiers de Marine. Il avait rappel\u00e9 l&rsquo;importance symbolique de faire partir les \u00e9l\u00e8ves de Brest, \u00e0 quelques encablures de leur \u00e9cole enracin\u00e9e \u00e0 Lanv\u00e9oc-Poulmic. Cela faisait presque 100 ans que les officiers-\u00e9l\u00e8ves partaient de Brest, pr\u00e8s d&rsquo;un si\u00e8cle que les sc\u00e8nes touchantes sur les quais faisaient de Brest le port d\u00e9part des plus belles circumnavigations militaires.<\/p>\n<p><strong>Logique comptable <\/strong><\/p>\n<p>Mais c&rsquo;est vrai qu&rsquo;en perdant le porte-h\u00e9licopt\u00e8res en 2010 et en sollicitant les b\u00e2timents de projection et de commandement (BPC) toulonnais, Brest s&rsquo;imposait moins comme port de d\u00e9part. Au-del\u00e0 du symbole, faire remonter un navire de Toulon pour le faire repasser deux semaines plus tard au m\u00eame endroit se justifie difficilement sur le plan comptable. La Marine avait pourtant effectu\u00e9 la manip&rsquo; l&rsquo;ann\u00e9e derni\u00e8re en expliquant qu&rsquo;un navire, quel que soit son trajet, est occup\u00e9 \u00e0 la mer de la m\u00eame fa\u00e7on. Mais, cette ann\u00e9e, la livraison du BPC Dixmude \u00e0 la Marine, alors qu&rsquo;il n&rsquo;est toujours pas admis au service actif, bouscule les plans. Lenavire doit encha\u00eener une s\u00e9rie de mises en situation et devra proc\u00e9der \u00e0 la qualification op\u00e9rationnelle de l&rsquo;\u00e9quipage, avant de s&rsquo;en aller. Ce n&rsquo;est qu&rsquo;\u00e0 l&rsquo;issue de cette campagneque le BPC sera admis auservice actif.<\/p>\n<p><strong>Un d\u00e9part de moins <\/strong><\/p>\n<p>En faisant appel aux BPC toulonnais, la nouvelle n&rsquo;est pas si \u00e9tonnante que cela. Mais, pour la ville de Brest, la d\u00e9cision est dure \u00e0 encaisser. En termes d&rsquo;image et de rayonnement, le d\u00e9part de la mission Jeanne-d&rsquo;Arc est toujours un coup de projecteur valorisant, dans un contexte o\u00f9 la ville accentue ses efforts pour attirer les tourdumondistes de tout poil. Brest, ville de d\u00e9part, fen\u00eatre ouverte sur le monde! Avec ce d\u00e9part de Toulon, le 5 mars, la mission Jeanne-d&rsquo;Arc perd une partie de son \u00e2me. La fr\u00e9gate Georges-Leygues appareillera toujours de Brest, le 27 f\u00e9vrier, alors que le retour de la mission pour les deux navires est, pour le moment, pr\u00e9vu \u00e0 Brest. On se souvient, l&rsquo;ann\u00e9e derni\u00e8re, que les \u00e9l\u00e8ves avaient \u00e9t\u00e9 d\u00e9barqu\u00e9s \u00e0 Toulon et que la mission s&rsquo;\u00e9tait achev\u00e9e \u00e0 Brest sans marquer le coup.<\/p>\n<p><strong>Cent ans cette ann\u00e9e <\/strong><\/p>\n<p>Que reste-t-il de la Jeanne-d&rsquo;Arc et son esprit? Pour Jean-Jacques Messager, pr\u00e9sident des anciens marins de la Jeanne, le coup est dur mais les mots sont, comme d&rsquo;habitude, des plus choisis. \u00abC&rsquo;\u00e9tait pr\u00e9visible, en ces temps de restrictions budg\u00e9taires. Il faut une douzaine de jours pour faire l&rsquo;aller-retour (avec trois jours de ravitaillement \u00e0 Brest). Mais c&rsquo;est dommage, alors que le premier d\u00e9part de la Jeanne \u00e0 Brest (le croiseur-cuirass\u00e9) a eu lieu en 1912, il y a pile 100 ans\u00bb.<\/p>\n<p>Article de St\u00e9phane J\u00e9z\u00e9quel du 29 d\u00e9cembre 2011 &#8211; <a title=\"Mission Jeanne-d'Arc. D\u00e9part de Toulon en 2012\" href=\"http:\/\/brest.letelegramme.com\/local\/finistere-nord\/brest\/ville\/mission-jeanne-d-arc-depart-de-toulon-en-2012-29-12-2011-1551074.php\" target=\"_blank\">Le Telegramme<\/a><\/p>\n<ul>\n<\/ul>\n\n","protected":false},"excerpt":{"rendered":"<p>Brest perd un d\u00e9part de tour du monde, et pas des moindres, puisque la mission Jeanne-d&rsquo;Arc s&rsquo;\u00e9branlera,en mars2012,de Toulon. Il fallait s&rsquo;y attendre. &nbsp; Le pr\u00e9c\u00e9dent chef d&rsquo;\u00e9tat-major de la Marine, Pierre-Fran\u00e7ois Forissier, avait pourtant rappel\u00e9 son attachement \u00e0 la mission Jeanne-d&rsquo;Arc, qui sert \u00e0 l&rsquo;ultime mise en situation des futurs officiers de Marine. Il [&hellip;]<\/p>\n","protected":false},"author":1,"featured_media":0,"comment_status":"closed","ping_status":"open","sticky":false,"template":"","format":"standard","meta":{"footnotes":""},"categories":[25],"tags":[],"_links":{"self":[{"href":"https:\/\/www.laurentmarot.fr\/wordpress\/index.php?rest_route=\/wp\/v2\/posts\/1779"}],"collection":[{"href":"https:\/\/www.laurentmarot.fr\/wordpress\/index.php?rest_route=\/wp\/v2\/posts"}],"about":[{"href":"https:\/\/www.laurentmarot.fr\/wordpress\/index.php?rest_route=\/wp\/v2\/types\/post"}],"author":[{"embeddable":true,"href":"https:\/\/www.laurentmarot.fr\/wordpress\/index.php?rest_route=\/wp\/v2\/users\/1"}],"replies":[{"embeddable":true,"href":"https:\/\/www.laurentmarot.fr\/wordpress\/index.php?rest_route=%2Fwp%2Fv2%2Fcomments&post=1779"}],"version-history":[{"count":5,"href":"https:\/\/www.laurentmarot.fr\/wordpress\/index.php?rest_route=\/wp\/v2\/posts\/1779\/revisions"}],"predecessor-version":[{"id":1785,"href":"https:\/\/www.laurentmarot.fr\/wordpress\/index.php?rest_route=\/wp\/v2\/posts\/1779\/revisions\/1785"}],"wp:attachment":[{"href":"https:\/\/www.laurentmarot.fr\/wordpress\/index.php?rest_route=%2Fwp%2Fv2%2Fmedia&parent=1779"}],"wp:term":[{"taxonomy":"category","embeddable":true,"href":"https:\/\/www.laurentmarot.fr\/wordpress\/index.php?rest_route=%2Fwp%2Fv2%2Fcategories&post=1779"},{"taxonomy":"post_tag","embeddable":true,"href":"https:\/\/www.laurentmarot.fr\/wordpress\/index.php?rest_route=%2Fwp%2Fv2%2Ftags&post=1779"}],"curies":[{"name":"wp","href":"https:\/\/api.w.org\/{rel}","templated":true}]}}