{"id":1874,"date":"2012-02-20T23:32:46","date_gmt":"2012-02-20T21:32:46","guid":{"rendered":"http:\/\/www.laurentmarot.fr\/wordpress\/?p=1874"},"modified":"2012-02-20T23:32:46","modified_gmt":"2012-02-20T21:32:46","slug":"mission-jeanne-d%e2%80%99arc-depart-le-5-mars-des-futurs-officiers-de-marine","status":"publish","type":"post","link":"https:\/\/www.laurentmarot.fr\/wordpress\/?p=1874","title":{"rendered":"Mission Jeanne d\u2019Arc : d\u00e9part le 5 mars des futurs officiers de Marine"},"content":{"rendered":"<p><strong><em><div id=\"attachment_1875\" style=\"width: 480px\" class=\"wp-caption aligncenter\"><a href=\"http:\/\/www.laurentmarot.fr\/wordpress\/wp-content\/uploads\/2012\/02\/120217134541179_17_000_apx_470_.jpg\" rel=\"lightbox[1874]\"><img loading=\"lazy\" decoding=\"async\" aria-describedby=\"caption-attachment-1875\" class=\"size-full wp-image-1875\" title=\"Le Dixmude sous le pont de Saint Nazaire\" src=\"http:\/\/www.laurentmarot.fr\/wordpress\/wp-content\/uploads\/2012\/02\/120217134541179_17_000_apx_470_.jpg\" alt=\"Le Dixmude sous le pont de Saint Nazaire\" width=\"470\" height=\"288\" srcset=\"https:\/\/www.laurentmarot.fr\/wordpress\/wp-content\/uploads\/2012\/02\/120217134541179_17_000_apx_470_.jpg 470w, https:\/\/www.laurentmarot.fr\/wordpress\/wp-content\/uploads\/2012\/02\/120217134541179_17_000_apx_470_-300x183.jpg 300w\" sizes=\"(max-width: 470px) 100vw, 470px\" \/><\/a><p id=\"caption-attachment-1875\" class=\"wp-caption-text\">Le Dixmude sous le pont de Saint Nazaire<\/p><\/div>Les \u00e9l\u00e8ves officiers de la Marine nationale partiront de Toulon. Retour \u00e0 Brest fin juillet, apr\u00e8s les f\u00eates maritimes.<\/em><\/strong><\/p>\n<p>Pour la premi\u00e8re fois en cent ans, la mission Jeanne d\u2019Arc ne partira pas de Brest en 2012, mais de Toulon. La Marine a d\u00e9voil\u00e9 le programme de cette formation des futurs officiers de Marine, dont la plupart sont \u00e0 l\u2019\u00c9cole navale de Lanv\u00e9oc. La campagne n\u2019a plus lieu \u00e0 bord du porte-h\u00e9licopt\u00e8res <em>Jeanne d\u2019Arc<\/em>, d\u00e9sarm\u00e9 en 2010.<\/p>\n<p>Elle en garde le nom, symbolique, mais s\u2019effectue d\u00e9sormais \u00e0 bord des B\u00e2timents de projection et de commandement (BPC), bien plus modernes, bas\u00e9s \u00e0 Toulon. Cette ann\u00e9e, le groupe sera compos\u00e9 du BPC Dixmude, tout juste op\u00e9rationnel, et de sa conserve, la fr\u00e9gate anti-sous-marine Georges Leygues (bas\u00e9e \u00e0 Brest).<\/p>\n<p>Plus d\u2019op\u00e9rations, moins d\u2019escales<\/p>\n<p>D\u00e9part le 5 mars de Toulon. \u00c0 bord, 144 \u00e9l\u00e8ves dont 21 femmes. En mars-avril : pr\u00e9paration en M\u00e9diterran\u00e9e. Avril-mai : d\u00e9ploiement au large de la corne de l\u2019Afrique (lutte anti-piraterie). En mai et juin : escales au Cap (Afrique du Sud) et Rio de Janeiro (Br\u00e9sil) pour des <strong>\u00ab missions de coop\u00e9ration et de diplomatie de d\u00e9fense \u00bb<\/strong> (promotion notamment du mat\u00e9riel militaire fran\u00e7ais). Puis, d\u00e9ploiement dans le golfe de Guin\u00e9e (piraterie, trafics de drogue), escale \u00e0 Dakar (S\u00e9n\u00e9gal) et retour \u00e0 Brest fin juillet, apr\u00e8s les f\u00eates maritimes des Tonnerres de Brest.<a href=\"http:\/\/www.defense.gouv.fr\/marine\/a-la-une\/la-mission-jeanne-d-arc-se-prepare\"> Voir la carte.<\/a><\/p>\n<p><strong>\u00ab Il s\u2019agit pour ces futurs officiers d\u2019acqu\u00e9rir une stature de chef militaire et d\u2019homme de mer \u00bb<\/strong>, indique la Marine nationale. L\u2019occasion aussi de d\u00e9couvertes culturelles et d\u2019\u00e9changes diplomatiques.<\/p>\n<p><a href=\"http:\/\/www.ouest-france.fr\/actu\/actualite-video_-Le-dernier-retour-de-la-Jeanne-d-Arc-a-Brest_43202-1389893--------951_actu.Htm\">Voir la vid\u00e9o du dernier retour \u00e0 Brest du porte-h\u00e9licopt\u00e8re Jeanne d&rsquo;Arc.<\/a><\/p>\n<p>&nbsp;<\/p>\n<p>Extrait de <a title=\"Mission Jeanne d\u2019Arc : d\u00e9part le 5 mars des futurs officiers de Marine\" href=\"http:\/\/www.ouest-france.fr\/actu\/actuDet_-Mission-Jeanne-d-Arc-depart-le-5-mars-des-futurs-officiers-de-Marine_40779-2045929_actu.Htm\" target=\"_blank\">Ouest-France<\/a> du samedi 18 f\u00e9vrier 2012<\/p>\n\n","protected":false},"excerpt":{"rendered":"<p>Les \u00e9l\u00e8ves officiers de la Marine nationale partiront de Toulon. Retour \u00e0 Brest fin juillet, apr\u00e8s les f\u00eates maritimes. Pour la premi\u00e8re fois en cent ans, la mission Jeanne d\u2019Arc ne partira pas de Brest en 2012, mais de Toulon. La Marine a d\u00e9voil\u00e9 le programme de cette formation des futurs officiers de Marine, dont [&hellip;]<\/p>\n","protected":false},"author":1,"featured_media":0,"comment_status":"open","ping_status":"open","sticky":false,"template":"","format":"standard","meta":{"footnotes":""},"categories":[25],"tags":[],"_links":{"self":[{"href":"https:\/\/www.laurentmarot.fr\/wordpress\/index.php?rest_route=\/wp\/v2\/posts\/1874"}],"collection":[{"href":"https:\/\/www.laurentmarot.fr\/wordpress\/index.php?rest_route=\/wp\/v2\/posts"}],"about":[{"href":"https:\/\/www.laurentmarot.fr\/wordpress\/index.php?rest_route=\/wp\/v2\/types\/post"}],"author":[{"embeddable":true,"href":"https:\/\/www.laurentmarot.fr\/wordpress\/index.php?rest_route=\/wp\/v2\/users\/1"}],"replies":[{"embeddable":true,"href":"https:\/\/www.laurentmarot.fr\/wordpress\/index.php?rest_route=%2Fwp%2Fv2%2Fcomments&post=1874"}],"version-history":[{"count":1,"href":"https:\/\/www.laurentmarot.fr\/wordpress\/index.php?rest_route=\/wp\/v2\/posts\/1874\/revisions"}],"predecessor-version":[{"id":1876,"href":"https:\/\/www.laurentmarot.fr\/wordpress\/index.php?rest_route=\/wp\/v2\/posts\/1874\/revisions\/1876"}],"wp:attachment":[{"href":"https:\/\/www.laurentmarot.fr\/wordpress\/index.php?rest_route=%2Fwp%2Fv2%2Fmedia&parent=1874"}],"wp:term":[{"taxonomy":"category","embeddable":true,"href":"https:\/\/www.laurentmarot.fr\/wordpress\/index.php?rest_route=%2Fwp%2Fv2%2Fcategories&post=1874"},{"taxonomy":"post_tag","embeddable":true,"href":"https:\/\/www.laurentmarot.fr\/wordpress\/index.php?rest_route=%2Fwp%2Fv2%2Ftags&post=1874"}],"curies":[{"name":"wp","href":"https:\/\/api.w.org\/{rel}","templated":true}]}}