{"id":1896,"date":"2012-02-28T22:47:25","date_gmt":"2012-02-28T20:47:25","guid":{"rendered":"http:\/\/www.laurentmarot.fr\/wordpress\/?p=1896"},"modified":"2012-02-28T22:49:23","modified_gmt":"2012-02-28T20:49:23","slug":"mission-jeanne-darc-le-georges-leygues-est-parti-cet-apres-midi","status":"publish","type":"post","link":"https:\/\/www.laurentmarot.fr\/wordpress\/?p=1896","title":{"rendered":"Mission Jeanne d&rsquo;Arc. Le Georges Leygues est parti cet apr\u00e8s-midi"},"content":{"rendered":"<p>Pour la premi\u00e8re fois de son histoire, la mission Jeanne d&rsquo;Arc partira officiellement de Toulon mais reviendra cet \u00e9t\u00e9 \u00e0 Brest, \u00e0 la fin du mois de juillet. Afin de rallier le b\u00e2timent de projection et de commandement (BPC) Dixmude, la fr\u00e9gate Georges Leygues a appareill\u00e9 lundi apr\u00e8s-midi de Brest. Les deux navires (la premi\u00e8re mission pour le tout nouveau Dixmude) quitteront Toulon le 5 mars prochain.<br \/> <br \/>\n<object id=\"c524c1fcfaas\" width=\"400\" height=\"300\" type=\"application\/x-shockwave-flash\" data=\"http:\/\/www.kewego.com\/swf\/p3\/epix.swf\"><param name=\"flashVars\" value=\"language_code=fr&amp;playerKey=45ead001d848&amp;skinKey=7d04d8977403&amp;sig=c524c1fcfaas&amp;autostart=false&amp;advertise=1\" \/><param name=\"movie\" value=\"http:\/\/www.kewego.com\/swf\/p3\/epix.swf\" \/><param name=\"allowFullScreen\" value=\"true\" \/><param name=\"allowscriptaccess\" value=\"always\" \/><\/object>\n<\/p>\n<p>Les images de St\u00e9phane J\u00e9z\u00e9quel dans <a title=\"Mission Jeanne d'Arc. Le Georges Leygues est parti cet apr\u00e8s-midi\" href=\"http:\/\/videos.letelegramme.com\/player.php?sig=c524c1fcfaas&amp;overlay=1&amp;rub=0\" target=\"_blank\">Le Telegramme<\/a> du\u00a0 27\/02\/2012 \u00e0  15h23<\/p>\n\n","protected":false},"excerpt":{"rendered":"<p>Pour la premi\u00e8re fois de son histoire, la mission Jeanne d&rsquo;Arc partira officiellement de Toulon mais reviendra cet \u00e9t\u00e9 \u00e0 Brest, \u00e0 la fin du mois de juillet. Afin de rallier le b\u00e2timent de projection et de commandement (BPC) Dixmude, la fr\u00e9gate Georges Leygues a appareill\u00e9 lundi apr\u00e8s-midi de Brest. Les deux navires (la premi\u00e8re [&hellip;]<\/p>\n","protected":false},"author":1,"featured_media":0,"comment_status":"open","ping_status":"open","sticky":false,"template":"","format":"standard","meta":{"footnotes":""},"categories":[25],"tags":[],"_links":{"self":[{"href":"https:\/\/www.laurentmarot.fr\/wordpress\/index.php?rest_route=\/wp\/v2\/posts\/1896"}],"collection":[{"href":"https:\/\/www.laurentmarot.fr\/wordpress\/index.php?rest_route=\/wp\/v2\/posts"}],"about":[{"href":"https:\/\/www.laurentmarot.fr\/wordpress\/index.php?rest_route=\/wp\/v2\/types\/post"}],"author":[{"embeddable":true,"href":"https:\/\/www.laurentmarot.fr\/wordpress\/index.php?rest_route=\/wp\/v2\/users\/1"}],"replies":[{"embeddable":true,"href":"https:\/\/www.laurentmarot.fr\/wordpress\/index.php?rest_route=%2Fwp%2Fv2%2Fcomments&post=1896"}],"version-history":[{"count":2,"href":"https:\/\/www.laurentmarot.fr\/wordpress\/index.php?rest_route=\/wp\/v2\/posts\/1896\/revisions"}],"predecessor-version":[{"id":1898,"href":"https:\/\/www.laurentmarot.fr\/wordpress\/index.php?rest_route=\/wp\/v2\/posts\/1896\/revisions\/1898"}],"wp:attachment":[{"href":"https:\/\/www.laurentmarot.fr\/wordpress\/index.php?rest_route=%2Fwp%2Fv2%2Fmedia&parent=1896"}],"wp:term":[{"taxonomy":"category","embeddable":true,"href":"https:\/\/www.laurentmarot.fr\/wordpress\/index.php?rest_route=%2Fwp%2Fv2%2Fcategories&post=1896"},{"taxonomy":"post_tag","embeddable":true,"href":"https:\/\/www.laurentmarot.fr\/wordpress\/index.php?rest_route=%2Fwp%2Fv2%2Ftags&post=1896"}],"curies":[{"name":"wp","href":"https:\/\/api.w.org\/{rel}","templated":true}]}}