{"id":1956,"date":"2012-03-05T09:58:17","date_gmt":"2012-03-05T07:58:17","guid":{"rendered":"http:\/\/www.laurentmarot.fr\/wordpress\/?p=1956"},"modified":"2012-03-05T09:58:17","modified_gmt":"2012-03-05T07:58:17","slug":"les-marsouins-du-2e-rima-avec-les-officiers-eleves-de-l%e2%80%99ecole-navale","status":"publish","type":"post","link":"https:\/\/www.laurentmarot.fr\/wordpress\/?p=1956","title":{"rendered":"Les marsouins du 2e RIMa avec les officiers \u00e9l\u00e8ves de l\u2019Ecole navale"},"content":{"rendered":"<p>Lundi, plus de 200 militaires de la 9<sup>\u00e8me<\/sup> Brigade d\u2019Infanterie de Marine quitteront Toulon pour une mission de 5 semaines \u00e0 bord du B\u00e2timent de projection et de commandement Dixmude, le navire qui embarque le stage d\u2019application \u00e0 la mer des officiers-\u00e9l\u00e8ves de l\u2019Ecole Navale, la campagne Jeanne d\u2019Arc.<br \/>110 marsouins de la 4<sup>\u00e9me<\/sup> compagnie du 2<sup>\u00e8me<\/sup> RIMa  d&rsquo;Auvours seront renforc\u00e9s par des militaires du R\u00e9giment d\u2019Infanterie Chars de Marine de Poitiers, du 11<sup>\u00e8me<\/sup> r\u00e9giment d\u2019Artillerie de Marine de la Lande d\u2019Ou\u00e9e et du 6\u00e8me R\u00e9giment du g\u00e9nie d\u2019Angers. Ils constituent l\u2019essentiel de la composante terrestre embarqu\u00e9e du groupement amphibie d\u00e9ploy\u00e9 en m\u00e9diterran\u00e9e pour la p\u00e9riode concern\u00e9e.<br \/>Le d\u00e9tachement participera \u00e0 l\u2019instruction des officiers-\u00e9l\u00e8ves en effectuant des man\u0153uvres amphibies techniques et tactiques avec ses 50 v\u00e9hicules (VAB, AMX 10RC, VBL, GBC\u2026) en Corse, au Liban puis \u00e0 Djibouti, o\u00f9 il s\u00e9journera jusqu\u2019\u00e0 fin avril pour un entra\u00eenement en zone d\u00e9sertique.<\/p>\n<p>Le retour des marsouins est pr\u00e9vu avant les journ\u00e9es portes ouvertes du 2<sup>\u00e8me<\/sup> RIMa qui se d\u00e9rouleront le samedi 19 et le dimanche 20 mai au camp d\u2019Auvours \u00e0 Champagn\u00e9.<\/p>\n<p>&nbsp;<\/p>\n<p>Extrait de <a title=\"Les marsouins du 2e RIMa avec les officiers \u00e9l\u00e8ves de l\u2019Ecole navale\" href=\"http:\/\/www.lemainelibre.fr\/actualite\/les-marsouins-du-2e-rima-avec-les-officiers-eleves-de-l-ecole-navale-02-03-2012-30169\" target=\"_blank\">Le Maine libre<\/a> du vendredi 02 mars 2012<\/p>\n\n","protected":false},"excerpt":{"rendered":"<p>Lundi, plus de 200 militaires de la 9\u00e8me Brigade d\u2019Infanterie de Marine quitteront Toulon pour une mission de 5 semaines \u00e0 bord du B\u00e2timent de projection et de commandement Dixmude, le navire qui embarque le stage d\u2019application \u00e0 la mer des officiers-\u00e9l\u00e8ves de l\u2019Ecole Navale, la campagne Jeanne d\u2019Arc.110 marsouins de la 4\u00e9me compagnie du [&hellip;]<\/p>\n","protected":false},"author":1,"featured_media":0,"comment_status":"open","ping_status":"open","sticky":false,"template":"","format":"standard","meta":{"footnotes":""},"categories":[25],"tags":[],"_links":{"self":[{"href":"https:\/\/www.laurentmarot.fr\/wordpress\/index.php?rest_route=\/wp\/v2\/posts\/1956"}],"collection":[{"href":"https:\/\/www.laurentmarot.fr\/wordpress\/index.php?rest_route=\/wp\/v2\/posts"}],"about":[{"href":"https:\/\/www.laurentmarot.fr\/wordpress\/index.php?rest_route=\/wp\/v2\/types\/post"}],"author":[{"embeddable":true,"href":"https:\/\/www.laurentmarot.fr\/wordpress\/index.php?rest_route=\/wp\/v2\/users\/1"}],"replies":[{"embeddable":true,"href":"https:\/\/www.laurentmarot.fr\/wordpress\/index.php?rest_route=%2Fwp%2Fv2%2Fcomments&post=1956"}],"version-history":[{"count":1,"href":"https:\/\/www.laurentmarot.fr\/wordpress\/index.php?rest_route=\/wp\/v2\/posts\/1956\/revisions"}],"predecessor-version":[{"id":1957,"href":"https:\/\/www.laurentmarot.fr\/wordpress\/index.php?rest_route=\/wp\/v2\/posts\/1956\/revisions\/1957"}],"wp:attachment":[{"href":"https:\/\/www.laurentmarot.fr\/wordpress\/index.php?rest_route=%2Fwp%2Fv2%2Fmedia&parent=1956"}],"wp:term":[{"taxonomy":"category","embeddable":true,"href":"https:\/\/www.laurentmarot.fr\/wordpress\/index.php?rest_route=%2Fwp%2Fv2%2Fcategories&post=1956"},{"taxonomy":"post_tag","embeddable":true,"href":"https:\/\/www.laurentmarot.fr\/wordpress\/index.php?rest_route=%2Fwp%2Fv2%2Ftags&post=1956"}],"curies":[{"name":"wp","href":"https:\/\/api.w.org\/{rel}","templated":true}]}}