{"id":2045,"date":"2012-07-03T22:27:00","date_gmt":"2012-07-03T20:27:00","guid":{"rendered":"http:\/\/www.laurentmarot.fr\/wordpress\/?p=2045"},"modified":"2017-07-29T18:33:28","modified_gmt":"2017-07-29T16:33:28","slug":"adieu-michel","status":"publish","type":"post","link":"https:\/\/www.laurentmarot.fr\/wordpress\/?p=2045","title":{"rendered":"Bon vent, Michel !"},"content":{"rendered":"<div id=\"attachment_2046\" style=\"width: 310px\" class=\"wp-caption alignleft\"><a href=\"http:\/\/www.laurentmarot.fr\/wordpress\/wp-content\/uploads\/2012\/07\/1761273_tonnerre2.jpg\" rel=\"lightbox[2045]\"><img loading=\"lazy\" decoding=\"async\" aria-describedby=\"caption-attachment-2046\" class=\"size-medium wp-image-2046\" title=\"Michel Tonnerre\" src=\"http:\/\/www.laurentmarot.fr\/wordpress\/wp-content\/uploads\/2012\/07\/1761273_tonnerre2-300x265.jpg\" alt=\"Michel Tonnerre\" width=\"300\" height=\"265\" srcset=\"https:\/\/www.laurentmarot.fr\/wordpress\/wp-content\/uploads\/2012\/07\/1761273_tonnerre2-300x265.jpg 300w, https:\/\/www.laurentmarot.fr\/wordpress\/wp-content\/uploads\/2012\/07\/1761273_tonnerre2.jpg 508w\" sizes=\"(max-width: 300px) 100vw, 300px\" \/><\/a><p id=\"caption-attachment-2046\" class=\"wp-caption-text\">Michel Tonnerre<\/p><\/div>\n<p>Pfff, un de plus l\u00e0- haut.<\/p>\n<p>&nbsp;<\/p>\n<p>Michel Tonnerre a mis les voiles vers l&rsquo;autre rive dans la nuit de lundi \u00e0 mardi. Le chanteur lorientais, tr\u00e8s malade depuis plusieurs mois, venait de f\u00eater son 63<sup>\u00e8me<\/sup> anniversaire le 30 juin dernier. Affaibli par la maladie, il avait livr\u00e9 un septi\u00e8me album en d\u00e9but d&rsquo;ann\u00e9e.<\/p>\n<p>Tr\u00e8s bon article du T\u00e9l\u00e9gramme :<\/p>\n<h2><a title=\"Hommage \u00e0 Michel Tonnerre\" href=\"http:\/\/lorient.letelegramme.com\/local\/morbihan\/lorient\/ville\/hommage-le-tonnerre-ne-gronde-plus-04-07-2012-1762350.php\" target=\"_blank\">Le Tonnerre ne gronde plus<\/a><\/h2>\n<p><strong>Michel Tonnerre a d\u00e9finitivement largu\u00e9 les amarres, emport\u00e9 par la  maladie. Sises amis ont aujourd&rsquo;hui le c\u0153ur \u00e0 mar\u00e9e basse, ils savent  aussi que ses chansons r\u00e9sonneront encore dans les ports de France et  d&rsquo;ailleurs. Comme un hommage \u00e0 l&rsquo;auteur de \u00abQuinze marins\u00bb.<\/strong><\/p>\n<p>Mickael Yaouank, chanteur du groupe Djiboudjep:<br \/> \u00abOn s&rsquo;est rencontr\u00e9 en 1970. Moi je chantais des chants traditionnels.  Il est arriv\u00e9 avec ses textes. On a cr\u00e9\u00e9 le groupe Djiboudjep, en  empruntant le surnom donn\u00e9 \u00e0 un mousse groisillon. Avec le groupe, on a  popularis\u00e9 le chant de marin. Avant, il n&rsquo;y avait ni concert, ni chorale  de chants de marins. Michel a enrichi le patrimoine maritime. 42 ans  apr\u00e8s notre rencontre, nous avions d\u00e9cid\u00e9 d&rsquo;enregistrer un album tous  les deux.<\/p>\n<p>Michel est parti. Mais l&rsquo;album sortira\u00bb. <strong>Jean-Jacques  Mel<\/strong>, auteur-compositeur interpr\u00e8te: \u00abC&rsquo;est le pape de la chanson de  marins qui vient de partir. C&rsquo;est lui qui a fait le chant de marins.  Michel, c&rsquo;\u00e9tait Corto Maltese incarn\u00e9. Moi, je m&rsquo;occupais de ses  productions. Il y a encore une semaine, il m&rsquo;avait demand\u00e9 de  l&rsquo;accompagner dans l&rsquo;enregistrement de quelques chansons, en compagnie  de Mickael Yaouank. Pendant quelques heures, ils ont encore enregistr\u00e9  une dizaine de chansons. Michel savait qu&rsquo;il n&rsquo;en avait plus pour tr\u00e8s  longtemps, mais il voulait chanter jusqu&rsquo;au bout&#8230; Le chant de marins  est orphelin, aujourd&rsquo;hui\u00bb.<\/p>\n<p><strong>Norbert M\u00e9tairie<\/strong>, maire de Lorient:  \u00ab<em>L&rsquo;albatros a pris son envol<\/em>\u00bb, a r\u00e9agi hier Norbert M\u00e9tairie. \u00abC&rsquo;est  avec une immense tristesse que j&rsquo;apprends le d\u00e9c\u00e8s de Michel Tonnerre.  Je voudrais rendre hommage \u00e0 ce voyageur ail\u00e9, \u00e9bloui de mer et d&rsquo;azurs;  \u00e0 cet auteur \u00e0 la prose d\u00e9bordante de vie, d&rsquo;humanit\u00e9, \u00e0 la voix de roc  et de rage. Ses textes, au ton juste, qui charriaient toute la rumeur  des oc\u00e9ans, d\u00e9barquaient le tumulte des ports et portaient l&rsquo;infini de  l&rsquo;aventure, resteront, pour plusieurs g\u00e9n\u00e9rations, une puissante  invitation \u00e0 l&rsquo;ailleurs, une ode \u00e0 la libert\u00e9. Je garde aussi en m\u00e9moire  un ami, au temp\u00e9rament oc\u00e9anique, qui a su, toute sa vie, chanter dans  la temp\u00eate.Il nous laisse un t\u00e9moignage maritime d&rsquo;une redoutable  intensit\u00e9\u00a0po\u00e9tique mais aussi une \u0153uvre artistique d&rsquo;une grande  sensibilit\u00e9: celle d&rsquo;un homme d\u00e9chir\u00e9 entre l&rsquo;absolu de ses r\u00eaves et le  poids de l&rsquo;actuel, du r\u00e9el\u00bb.<\/p>\n<p><strong>Jean-Yves Le Drian<\/strong>, pr\u00e9sident du conseil  r\u00e9gional: \u00abUn pirate breton s&rsquo;en est all\u00e9. Un po\u00e8te lorientais nous a  quitt\u00e9s. C&rsquo;est avec infiniment de tristesse que je viens d&rsquo;apprendre le  d\u00e9c\u00e8s de Michel Tonnerre, artiste bourlingueur unique qui laisse  derri\u00e8re lui une \u0153uvre d\u00e9j\u00e0 immortelle. Un r\u00e9pertoire tomb\u00e9 dans notre  patrimoine commun, taill\u00e9 comme lui \u00e0 la serpe, avec du caract\u00e8re, avide  de libert\u00e9 et d&rsquo;envie de partir, mais surtout gorg\u00e9 de bord\u00e9es  maritimes.<\/p>\n<p>La Bretagne vient de perdre un \u00abGabier noir\u00bb qui aura nourri  les songes de nombreux d&rsquo;entre nous d&rsquo;histoires de flibustiers et  d&rsquo;envies d&rsquo;ailleurs\u00bb. <strong>Guy Carton<\/strong>, pr\u00e9sident de l&rsquo;association \u00abLes Arts  en port\u00e9e\u00bb: \u00abDepuis 2003, on avait mont\u00e9 l&rsquo;association \u00abLes Arts en  port\u00e9e\u00bb en invitant plusieurs artistes. Michel en faisait partie. Ce  n&rsquo;\u00e9tait pas un luxe: Michel manquait un peu d&rsquo;ordre&#8230; Son dernier  album, on l&rsquo;a enregistr\u00e9 alors qu&rsquo;il \u00e9tait d\u00e9j\u00e0 bien affaibli par la  maladie. On a r\u00e9ussi \u00e0 \u00abfaire\u00bb les voix en enregistrant Michel chez lui,  \u00e0 son domicile. C&rsquo;est en grande partie gr\u00e2ce au travail de David  Bellec, son guitariste. Michel \u00e9tait un homme attachant. Son public lui  pardonnait tout, m\u00eame ses col\u00e8res, qui \u00e9taient l\u00e9gendaires\u00bb.<\/p>\n<p><strong>Guy Lucas<\/strong>,  programmateur musical de l&rsquo;Oc\u00e9anis, \u00e0 Ploemeur: \u00abJe trouve que Michel  n&rsquo;avait pas la place qu&rsquo;il m\u00e9ritait. C&rsquo;\u00e9tait un tr\u00e8s grand de la chanson  fran\u00e7aise. Tout le monde chante du Michel Tonnerre sans savoir que  c&rsquo;est du Michel Tonnerre. \u00ab\u00a0Libertalia, son \u00ab\u00a0op\u00e9ra pirate\u00a0\u00bb, \u00e9tait un  projet cher \u00e0 son coeur. C&rsquo;\u00e9tait un regret de n&rsquo;avoir pu le jouer que  deux fois. Il y a peu, il me disait: \u00ab\u00a0Je ne serai pas l\u00e0 pour le voir,  mais il faut remettre \u00e7a\u00a0\u00bb. Ce serait en effet un bel hommage&#8230; C&rsquo;\u00e9tait  quelqu&rsquo;un qui avait une grande classe, un \u00e9norme charisme&#8230;\u00bb.<\/p>\n<p><strong>Bernard  Le Cabellec<\/strong>, des Gabiers d&rsquo;artimon: \u00abNous avons particip\u00e9 \u00e0  l&rsquo;enregistrement de deux albums de Michel Tonnerre et \u00e0 quelques-uns de  ses concerts. Il \u00e9tait \u00e0 nos c\u00f4t\u00e9s pour le concert de nos30 ans au Grand  th\u00e9\u00e2tre. C&rsquo;est un grand monsieur de la chanson de marins et de la mer  qui dispara\u00eet. Mais ses textes resteront. Et sa chanson \u00ab\u00a0Quinze marins\u00a0\u00bb  sera toujours un classique\u00bb Pierre Morvan, directeur du Festival du  chant de marins \u00e0 Paimpol: \u00abC&rsquo;\u00e9tait un habitu\u00e9 du festival, une figure  incontournable du chant de marins. Si Paimpol est la Mecque du chant de  marins, Michel en est le pape! Beaucoup de groupes reprennent du Michel  Tonnerre en pensant jouer des chants traditionnels. Ces chansons sont  interpr\u00e9t\u00e9es partout en France o\u00f9 il y a des f\u00eates de chant de marins. Et  m\u00eame \u00e0 l&rsquo;\u00e9tranger. Je me souviens avoir entendu \u00e0 Cracovie un groupe  polonais reprendre ses chansons! Au festival de Paimpol, il y aura  toujours, d&rsquo;une mani\u00e8re ou d&rsquo;une autre, un hommage \u00e0 Michel Tonnerre  puisque l&rsquo;on chantera toujours autour du port ses chansons\u00bb.<\/p>\n<div id=\"attachment_2049\" style=\"width: 310px\" class=\"wp-caption alignleft\"><a href=\"http:\/\/www.laurentmarot.fr\/wordpress\/wp-content\/uploads\/2012\/07\/1762350_12502160-qtonnerre2-20120704-m111n.jpg\" rel=\"lightbox[2045]\"><img loading=\"lazy\" decoding=\"async\" aria-describedby=\"caption-attachment-2049\" class=\"size-medium wp-image-2049\" title=\"Hommage. Le Tonnerre ne gronde plus.\" src=\"http:\/\/www.laurentmarot.fr\/wordpress\/wp-content\/uploads\/2012\/07\/1762350_12502160-qtonnerre2-20120704-m111n-300x221.jpg\" alt=\"Hommage. Le Tonnerre ne gronde plus.\" width=\"300\" height=\"221\" srcset=\"https:\/\/www.laurentmarot.fr\/wordpress\/wp-content\/uploads\/2012\/07\/1762350_12502160-qtonnerre2-20120704-m111n-300x221.jpg 300w, https:\/\/www.laurentmarot.fr\/wordpress\/wp-content\/uploads\/2012\/07\/1762350_12502160-qtonnerre2-20120704-m111n.jpg 539w\" sizes=\"(max-width: 300px) 100vw, 300px\" \/><\/a><p id=\"caption-attachment-2049\" class=\"wp-caption-text\">Hommage. Le Tonnerre ne gronde plus.<\/p><\/div>\n\n","protected":false},"excerpt":{"rendered":"<p>Pfff, un de plus l\u00e0- haut. &nbsp; Michel Tonnerre a mis les voiles vers l&rsquo;autre rive dans la nuit de lundi \u00e0 mardi. Le chanteur lorientais, tr\u00e8s malade depuis plusieurs mois, venait de f\u00eater son 63\u00e8me anniversaire le 30 juin dernier. Affaibli par la maladie, il avait livr\u00e9 un septi\u00e8me album en d\u00e9but d&rsquo;ann\u00e9e. Tr\u00e8s [&hellip;]<\/p>\n","protected":false},"author":1,"featured_media":0,"comment_status":"open","ping_status":"open","sticky":false,"template":"","format":"standard","meta":{"footnotes":""},"categories":[32],"tags":[],"_links":{"self":[{"href":"https:\/\/www.laurentmarot.fr\/wordpress\/index.php?rest_route=\/wp\/v2\/posts\/2045"}],"collection":[{"href":"https:\/\/www.laurentmarot.fr\/wordpress\/index.php?rest_route=\/wp\/v2\/posts"}],"about":[{"href":"https:\/\/www.laurentmarot.fr\/wordpress\/index.php?rest_route=\/wp\/v2\/types\/post"}],"author":[{"embeddable":true,"href":"https:\/\/www.laurentmarot.fr\/wordpress\/index.php?rest_route=\/wp\/v2\/users\/1"}],"replies":[{"embeddable":true,"href":"https:\/\/www.laurentmarot.fr\/wordpress\/index.php?rest_route=%2Fwp%2Fv2%2Fcomments&post=2045"}],"version-history":[{"count":6,"href":"https:\/\/www.laurentmarot.fr\/wordpress\/index.php?rest_route=\/wp\/v2\/posts\/2045\/revisions"}],"predecessor-version":[{"id":3925,"href":"https:\/\/www.laurentmarot.fr\/wordpress\/index.php?rest_route=\/wp\/v2\/posts\/2045\/revisions\/3925"}],"wp:attachment":[{"href":"https:\/\/www.laurentmarot.fr\/wordpress\/index.php?rest_route=%2Fwp%2Fv2%2Fmedia&parent=2045"}],"wp:term":[{"taxonomy":"category","embeddable":true,"href":"https:\/\/www.laurentmarot.fr\/wordpress\/index.php?rest_route=%2Fwp%2Fv2%2Fcategories&post=2045"},{"taxonomy":"post_tag","embeddable":true,"href":"https:\/\/www.laurentmarot.fr\/wordpress\/index.php?rest_route=%2Fwp%2Fv2%2Ftags&post=2045"}],"curies":[{"name":"wp","href":"https:\/\/api.w.org\/{rel}","templated":true}]}}