{"id":2199,"date":"2013-01-07T00:21:58","date_gmt":"2013-01-06T22:21:58","guid":{"rendered":"http:\/\/www.laurentmarot.fr\/wordpress\/?p=2199"},"modified":"2013-12-30T10:24:35","modified_gmt":"2013-12-30T08:24:35","slug":"pourquoi-on-retournera-skier-a-monet","status":"publish","type":"post","link":"https:\/\/www.laurentmarot.fr\/wordpress\/?p=2199","title":{"rendered":"Pourquoi on retournera skier \u00e0 Mon\u00e9t&rsquo; !"},"content":{"rendered":"<div id=\"attachment_2200\" style=\"width: 160px\" class=\"wp-caption alignleft\"><a href=\"http:\/\/www.laurentmarot.fr\/wordpress\/wp-content\/uploads\/2013\/01\/CAM00919.jpg\" rel=\"lightbox[2199]\"><img loading=\"lazy\" decoding=\"async\" aria-describedby=\"caption-attachment-2200\" class=\"size-thumbnail wp-image-2200\" title=\"La Montagnole - Serre Che - 2012\" alt=\"La Montagnole - Serre Che - 2012\" src=\"http:\/\/www.laurentmarot.fr\/wordpress\/wp-content\/uploads\/2013\/01\/CAM00919-150x150.jpg\" width=\"150\" height=\"150\" \/><\/a><p id=\"caption-attachment-2200\" class=\"wp-caption-text\">La Montagnole &#8211; Serre Che &#8211; 2012<\/p><\/div>\n<p>Une semaine apr\u00e8s, on r\u00eave d\u00e9j\u00e0 de retourner glisser du c\u00f4t\u00e9 du Monetier-les-Bains ! Certainement pas\u00a0pour son forfait \u00ab\u00a0<em>Domaine Serre Che<\/em>\u00a0\u00bb \u00e0 220 \u20ac la semaine, car \u00e7a frise les vacances\u00a0\u00e0 <em>monsieur P\u00e9t\u00e9-de-Thunes<\/em> &#8230; mais pour le reste, que du bon. M\u00eame le go\u00fbter mousse(s)\/cl\u00e9mentines en terrasse improvis\u00e9e sous les flocons Pr\u00e9 Chabert avec Tristan et C\u00e9cile avait quelque chose de profond\u00e9ment humain.<\/p>\n<p>Bon ok, on pourra toujours r\u00e2ler \u00e0 propos de l&rsquo;\u00e9tat pourri de la piste noire de Tabuc, du passage au karsher \u00e0 glace en gravissant l&rsquo;Yret ou de la lenteur d\u00e9sesp\u00e9rante du TS de l&rsquo;Eychaudas. Mais on a vraiment rencontr\u00e9 des gens sympa : de Lo\u00efc, pisteur au TSK de l&rsquo;Etoile aux surfeurs qui nous aid\u00e9 \u00e0 mener la battue au petit Paulo perdu dans les m\u00e9l\u00e8zes, en passant par tous les Rouges de l&rsquo;ESF que l&rsquo;on a c\u00f4toy\u00e9s.<\/p>\n<div>Donc promis, on ira faire du patin un mois avant (beurk) pour \u00e9viter de se retrouver <em>mou-des-genoux<\/em> dans <strong>La Montagnole<\/strong> et f\u00e9briles sur la <strong>dorsale des Jackson<\/strong>.<\/div>\n\n","protected":false},"excerpt":{"rendered":"<p>Une semaine apr\u00e8s, on r\u00eave d\u00e9j\u00e0 de retourner glisser du c\u00f4t\u00e9 du Monetier-les-Bains ! Certainement pas\u00a0pour son forfait \u00ab\u00a0Domaine Serre Che\u00a0\u00bb \u00e0 220 \u20ac la semaine, car \u00e7a frise les vacances\u00a0\u00e0 monsieur P\u00e9t\u00e9-de-Thunes &#8230; mais pour le reste, que du bon. M\u00eame le go\u00fbter mousse(s)\/cl\u00e9mentines en terrasse improvis\u00e9e sous les flocons Pr\u00e9 Chabert avec Tristan [&hellip;]<\/p>\n","protected":false},"author":1,"featured_media":0,"comment_status":"open","ping_status":"open","sticky":false,"template":"","format":"standard","meta":{"footnotes":""},"categories":[44],"tags":[],"_links":{"self":[{"href":"https:\/\/www.laurentmarot.fr\/wordpress\/index.php?rest_route=\/wp\/v2\/posts\/2199"}],"collection":[{"href":"https:\/\/www.laurentmarot.fr\/wordpress\/index.php?rest_route=\/wp\/v2\/posts"}],"about":[{"href":"https:\/\/www.laurentmarot.fr\/wordpress\/index.php?rest_route=\/wp\/v2\/types\/post"}],"author":[{"embeddable":true,"href":"https:\/\/www.laurentmarot.fr\/wordpress\/index.php?rest_route=\/wp\/v2\/users\/1"}],"replies":[{"embeddable":true,"href":"https:\/\/www.laurentmarot.fr\/wordpress\/index.php?rest_route=%2Fwp%2Fv2%2Fcomments&post=2199"}],"version-history":[{"count":7,"href":"https:\/\/www.laurentmarot.fr\/wordpress\/index.php?rest_route=\/wp\/v2\/posts\/2199\/revisions"}],"predecessor-version":[{"id":3141,"href":"https:\/\/www.laurentmarot.fr\/wordpress\/index.php?rest_route=\/wp\/v2\/posts\/2199\/revisions\/3141"}],"wp:attachment":[{"href":"https:\/\/www.laurentmarot.fr\/wordpress\/index.php?rest_route=%2Fwp%2Fv2%2Fmedia&parent=2199"}],"wp:term":[{"taxonomy":"category","embeddable":true,"href":"https:\/\/www.laurentmarot.fr\/wordpress\/index.php?rest_route=%2Fwp%2Fv2%2Fcategories&post=2199"},{"taxonomy":"post_tag","embeddable":true,"href":"https:\/\/www.laurentmarot.fr\/wordpress\/index.php?rest_route=%2Fwp%2Fv2%2Ftags&post=2199"}],"curies":[{"name":"wp","href":"https:\/\/api.w.org\/{rel}","templated":true}]}}