{"id":2671,"date":"2013-09-08T21:22:42","date_gmt":"2013-09-08T19:22:42","guid":{"rendered":"http:\/\/www.laurentmarot.fr\/wordpress\/?p=2671"},"modified":"2013-09-09T22:09:56","modified_gmt":"2013-09-09T20:09:56","slug":"rentree-des-classes","status":"publish","type":"post","link":"https:\/\/www.laurentmarot.fr\/wordpress\/?p=2671","title":{"rendered":"Rentr\u00e9e des classes"},"content":{"rendered":"<p>Ce coup-ci c&rsquo;est clair chacun \u00e0 son programme. Et \u00e7a va \u00eatre dense !<\/p>\n<p>Paul :<\/p>\n<ul>\n<li>CM2<\/li>\n<li>guitare \u00e0 Theix (Arts et Loisirs)<\/li>\n<li>retour au foot \u00e0 Sulniac<\/li>\n<\/ul>\n<p>Le Hand au HPV c&rsquo;est fini car comme occupation du mercredi PM avec les copains c&rsquo;\u00e9tait pas vraiment \u00e7a (entrainement le lundi soir, pffff) \ud83d\ude42<\/p>\n<p>Le tir \u00e0 Saint Nolff est suspendu car on n&rsquo;avait pas le temps d&rsquo;y aller assez r\u00e9guli\u00e8rement. A 100 \u20ac l&rsquo;ann\u00e9e, on reprendra plus tard.<\/p>\n<p>Justine :<\/p>\n<ul>\n<li>4\u00e8me (anglais, espagnol, latin)<\/li>\n<li>athl\u00e9tisme \u00e0 Elven<\/li>\n<li>piano\u00a0\u00e0 Theix (Arts et Loisirs)<\/li>\n<\/ul>\n<p>L&rsquo;\u00e9quitation c&rsquo;est fini depuis que Findus a fait sa f\u00eate au dernier canasson des Ecurie du Vieux Puits. Le centre \u00e9quetsre \u00e0 d\u00e9manag\u00e9 \u00e0 Questembrouille \u00a0\ud83d\ude41<\/p>\n<p>Sandrine :<\/p>\n<ul>\n<li>EDF<\/li>\n<li>P&rsquo;tite gym \u00e0 Sulniac<\/li>\n<li>Danse bretonne ?<\/li>\n<\/ul>\n<p>Laurent :<\/p>\n<ul>\n<li>Alliacom (en principe)<\/li>\n<li>Voile (Gazelec 56 &#8211; Hobby Cat 16 et Laser Vago)<\/li>\n<li>Marine nationale (un peu, beaucoup, &#8230;)<\/li>\n<\/ul>\n<p>&nbsp;<\/p>\n<p>&nbsp;<\/p>\n<p>&nbsp;<\/p>\n<p>&nbsp;<\/p>\n\n","protected":false},"excerpt":{"rendered":"<p>Ce coup-ci c&rsquo;est clair chacun \u00e0 son programme. Et \u00e7a va \u00eatre dense ! Paul : CM2 guitare \u00e0 Theix (Arts et Loisirs) retour au foot \u00e0 Sulniac Le Hand au HPV c&rsquo;est fini car comme occupation du mercredi PM avec les copains c&rsquo;\u00e9tait pas vraiment \u00e7a (entrainement le lundi soir, pffff) \ud83d\ude42 Le tir [&hellip;]<\/p>\n","protected":false},"author":1,"featured_media":0,"comment_status":"open","ping_status":"open","sticky":false,"template":"","format":"standard","meta":{"footnotes":""},"categories":[13,8],"tags":[],"_links":{"self":[{"href":"https:\/\/www.laurentmarot.fr\/wordpress\/index.php?rest_route=\/wp\/v2\/posts\/2671"}],"collection":[{"href":"https:\/\/www.laurentmarot.fr\/wordpress\/index.php?rest_route=\/wp\/v2\/posts"}],"about":[{"href":"https:\/\/www.laurentmarot.fr\/wordpress\/index.php?rest_route=\/wp\/v2\/types\/post"}],"author":[{"embeddable":true,"href":"https:\/\/www.laurentmarot.fr\/wordpress\/index.php?rest_route=\/wp\/v2\/users\/1"}],"replies":[{"embeddable":true,"href":"https:\/\/www.laurentmarot.fr\/wordpress\/index.php?rest_route=%2Fwp%2Fv2%2Fcomments&post=2671"}],"version-history":[{"count":5,"href":"https:\/\/www.laurentmarot.fr\/wordpress\/index.php?rest_route=\/wp\/v2\/posts\/2671\/revisions"}],"predecessor-version":[{"id":2694,"href":"https:\/\/www.laurentmarot.fr\/wordpress\/index.php?rest_route=\/wp\/v2\/posts\/2671\/revisions\/2694"}],"wp:attachment":[{"href":"https:\/\/www.laurentmarot.fr\/wordpress\/index.php?rest_route=%2Fwp%2Fv2%2Fmedia&parent=2671"}],"wp:term":[{"taxonomy":"category","embeddable":true,"href":"https:\/\/www.laurentmarot.fr\/wordpress\/index.php?rest_route=%2Fwp%2Fv2%2Fcategories&post=2671"},{"taxonomy":"post_tag","embeddable":true,"href":"https:\/\/www.laurentmarot.fr\/wordpress\/index.php?rest_route=%2Fwp%2Fv2%2Ftags&post=2671"}],"curies":[{"name":"wp","href":"https:\/\/api.w.org\/{rel}","templated":true}]}}