{"id":2831,"date":"2013-09-25T06:33:28","date_gmt":"2013-09-25T04:33:28","guid":{"rendered":"http:\/\/www.laurentmarot.fr\/wordpress\/?p=2831"},"modified":"2013-09-25T09:35:51","modified_gmt":"2013-09-25T07:35:51","slug":"ensibs-cyberdefense-une-formation-unique-en-france","status":"publish","type":"post","link":"https:\/\/www.laurentmarot.fr\/wordpress\/?p=2831","title":{"rendered":"ENSIBS. Cyberd\u00e9fense : une formation unique en France"},"content":{"rendered":"<div id=\"attachment_2838\" style=\"width: 235px\" class=\"wp-caption alignleft\"><a href=\"http:\/\/www.laurentmarot.fr\/wordpress\/wp-content\/uploads\/2013\/09\/20130924_172527_50.jpg\" rel=\"lightbox[2831]\"><img loading=\"lazy\" decoding=\"async\" aria-describedby=\"caption-attachment-2838\" class=\"size-medium wp-image-2838\" alt=\"Conf\u00e9rence de presse ENSIBS\" src=\"http:\/\/www.laurentmarot.fr\/wordpress\/wp-content\/uploads\/2013\/09\/20130924_172527_50-225x300.jpg\" width=\"225\" height=\"300\" srcset=\"https:\/\/www.laurentmarot.fr\/wordpress\/wp-content\/uploads\/2013\/09\/20130924_172527_50-225x300.jpg 225w, https:\/\/www.laurentmarot.fr\/wordpress\/wp-content\/uploads\/2013\/09\/20130924_172527_50-768x1024.jpg 768w, https:\/\/www.laurentmarot.fr\/wordpress\/wp-content\/uploads\/2013\/09\/20130924_172527_50.jpg 960w\" sizes=\"(max-width: 225px) 100vw, 225px\" \/><\/a><p id=\"caption-attachment-2838\" class=\"wp-caption-text\">Conf\u00e9rence de presse ENSIBS<\/p><\/div>\n<p>J&rsquo;assistais hier soir \u00e0 la conf\u00e9rence de presse de pr\u00e9sentation de la formation Cyberdefense sur le Campus de l&rsquo;ENSIBS.<\/p>\n<p>La formation d&rsquo;ing\u00e9nieur en alternance semble bien n\u00e9e parrain\u00e9e par les acteur suivants pr\u00e9sents \u00e0 la table ronde :<\/p>\n<ul>\n<li>Thierry Evanno (Alcatel-Lucent),<\/li>\n<li>Patrick \u00a0Coat (Orange),<\/li>\n<li>Bernard Pouliquen (R\u00e9gion Bretagne),<\/li>\n<li>Jean Peeters (Universit\u00e9 de Bretagne Sud),<\/li>\n<li>Pierre Monfort (It2i et UIMM)<\/li>\n<\/ul>\n<p>Les 27 \u00e9l\u00e8ves de la premi\u00e8re promo, s\u00e9lectionn\u00e9s parmi 200 candidats et accompagn\u00e9 d&rsquo;une centaine de personnes\u00a0ont suivi en direct de l&rsquo;amphi cette pr\u00e9sentation conduite par Charles Pr\u00e9aux, instigateur et directeur de cette nouvelle formation.<\/p>\n<p>Plusieurs acteurs de la D\u00e9fense \u00e9taient aussi pr\u00e9sents pour insister sur les partenariats avec les Ecoles de Saint Cyr Coetquidan\u00a0et la DGA.<\/p>\n<p>\u00ab Ce projet r\u00e9pond \u00e0 une pr\u00e9occupation exprim\u00e9e d\u00e8s juin 2008 dans le Livre blanc de la D\u00e9fense et de la s\u00e9curit\u00e9 nationale qui retient le risque d\u2019une attaque informatique comme l\u2019une des menaces majeures des quinze prochaines ann\u00e9es. D\u2019o\u00f9 l\u2019int\u00e9r\u00eat de d\u00e9velopper la formation dans le domaine de la d\u00e9fense et de la s\u00e9curit\u00e9 des syst\u00e8mes d\u2019information. \u00bb<\/p>\n<div id=\"attachment_2840\" style=\"width: 310px\" class=\"wp-caption aligncenter\"><a href=\"http:\/\/www.laurentmarot.fr\/wordpress\/wp-content\/uploads\/2013\/09\/20130924_172540_50.jpg\" rel=\"lightbox[2831]\"><img loading=\"lazy\" decoding=\"async\" aria-describedby=\"caption-attachment-2840\" class=\"size-medium wp-image-2840\" alt=\"Conf\u00e9rence de presse CyberDefense ENSIBS\" src=\"http:\/\/www.laurentmarot.fr\/wordpress\/wp-content\/uploads\/2013\/09\/20130924_172540_50-300x225.jpg\" width=\"300\" height=\"225\" srcset=\"https:\/\/www.laurentmarot.fr\/wordpress\/wp-content\/uploads\/2013\/09\/20130924_172540_50-300x225.jpg 300w, https:\/\/www.laurentmarot.fr\/wordpress\/wp-content\/uploads\/2013\/09\/20130924_172540_50-1024x768.jpg 1024w, https:\/\/www.laurentmarot.fr\/wordpress\/wp-content\/uploads\/2013\/09\/20130924_172540_50.jpg 1280w\" sizes=\"(max-width: 300px) 100vw, 300px\" \/><\/a><p id=\"caption-attachment-2840\" class=\"wp-caption-text\">Conf\u00e9rence de presse CyberDefense ENSIBS<\/p><\/div>\n<p>Petit d\u00e9tail amusant : l&rsquo;assembl\u00e9e r\u00e9unie dans l&rsquo;amphi\u00a0a pu profiter d&rsquo;une superbe vue \u00a0projetant malicieusement sur l&rsquo;\u00e9cran mural l&rsquo;image d&rsquo;un bon vieux XP avec un plugin java. Comme quoi, il y a vraiment du travail \ud83d\ude42<\/p>\n<p>&nbsp;<\/p>\n<p>&nbsp;<\/p>\n\n","protected":false},"excerpt":{"rendered":"<p>J&rsquo;assistais hier soir \u00e0 la conf\u00e9rence de presse de pr\u00e9sentation de la formation Cyberdefense sur le Campus de l&rsquo;ENSIBS. La formation d&rsquo;ing\u00e9nieur en alternance semble bien n\u00e9e parrain\u00e9e par les acteur suivants pr\u00e9sents \u00e0 la table ronde : Thierry Evanno (Alcatel-Lucent), Patrick \u00a0Coat (Orange), Bernard Pouliquen (R\u00e9gion Bretagne), Jean Peeters (Universit\u00e9 de Bretagne Sud), Pierre [&hellip;]<\/p>\n","protected":false},"author":1,"featured_media":0,"comment_status":"open","ping_status":"open","sticky":false,"template":"","format":"standard","meta":{"footnotes":""},"categories":[47],"tags":[],"_links":{"self":[{"href":"https:\/\/www.laurentmarot.fr\/wordpress\/index.php?rest_route=\/wp\/v2\/posts\/2831"}],"collection":[{"href":"https:\/\/www.laurentmarot.fr\/wordpress\/index.php?rest_route=\/wp\/v2\/posts"}],"about":[{"href":"https:\/\/www.laurentmarot.fr\/wordpress\/index.php?rest_route=\/wp\/v2\/types\/post"}],"author":[{"embeddable":true,"href":"https:\/\/www.laurentmarot.fr\/wordpress\/index.php?rest_route=\/wp\/v2\/users\/1"}],"replies":[{"embeddable":true,"href":"https:\/\/www.laurentmarot.fr\/wordpress\/index.php?rest_route=%2Fwp%2Fv2%2Fcomments&post=2831"}],"version-history":[{"count":6,"href":"https:\/\/www.laurentmarot.fr\/wordpress\/index.php?rest_route=\/wp\/v2\/posts\/2831\/revisions"}],"predecessor-version":[{"id":2841,"href":"https:\/\/www.laurentmarot.fr\/wordpress\/index.php?rest_route=\/wp\/v2\/posts\/2831\/revisions\/2841"}],"wp:attachment":[{"href":"https:\/\/www.laurentmarot.fr\/wordpress\/index.php?rest_route=%2Fwp%2Fv2%2Fmedia&parent=2831"}],"wp:term":[{"taxonomy":"category","embeddable":true,"href":"https:\/\/www.laurentmarot.fr\/wordpress\/index.php?rest_route=%2Fwp%2Fv2%2Fcategories&post=2831"},{"taxonomy":"post_tag","embeddable":true,"href":"https:\/\/www.laurentmarot.fr\/wordpress\/index.php?rest_route=%2Fwp%2Fv2%2Ftags&post=2831"}],"curies":[{"name":"wp","href":"https:\/\/api.w.org\/{rel}","templated":true}]}}