{"id":4009,"date":"2017-08-18T11:36:50","date_gmt":"2017-08-18T09:36:50","guid":{"rendered":"http:\/\/www.laurentmarot.fr\/wordpress\/?p=4009"},"modified":"2017-08-18T11:49:32","modified_gmt":"2017-08-18T09:49:32","slug":"meteo-du-vendredi-18-aout-2017","status":"publish","type":"post","link":"https:\/\/www.laurentmarot.fr\/wordpress\/?p=4009","title":{"rendered":"M\u00e9t\u00e9o du vendredi 18 ao\u00fbt 2017"},"content":{"rendered":"<p>J&rsquo;ai lu avant-hier que tous les 5 ans on gagnait un jour suppl\u00e9mentaire de possibilit\u00e9 de pr\u00e9visions m\u00e9t\u00e9o. Cool &#8230; j&rsquo;esp\u00e8re que dans 20 ans on pourra pr\u00e9dire le temps de la veille.<\/p>\n<p>En cette fin de matin\u00e9e c&rsquo;est compliqu\u00e9&#8230;<\/p>\n<p><strong><a href=\"http:\/\/www.meteofrance.com\/previsions-meteo-france\/sulniac\/56250\" target=\"_blank\">M\u00e9t\u00e9oFrance<\/a><\/strong> fait \u00e9tat d&rsquo;\u00e9claircies :<\/p>\n<div id=\"attachment_4010\" style=\"width: 310px\" class=\"wp-caption alignleft\"><a href=\"http:\/\/www.laurentmarot.fr\/wordpress\/wp-content\/uploads\/2017\/08\/Capture-du-2017-08-18-11-29-47.png\" rel=\"lightbox[4009]\"><img loading=\"lazy\" decoding=\"async\" aria-describedby=\"caption-attachment-4010\" class=\"size-medium wp-image-4010\" src=\"http:\/\/www.laurentmarot.fr\/wordpress\/wp-content\/uploads\/2017\/08\/Capture-du-2017-08-18-11-29-47-300x208.png\" alt=\"M\u00e9t\u00e9oFrance\" width=\"300\" height=\"208\" srcset=\"https:\/\/www.laurentmarot.fr\/wordpress\/wp-content\/uploads\/2017\/08\/Capture-du-2017-08-18-11-29-47-300x208.png 300w, https:\/\/www.laurentmarot.fr\/wordpress\/wp-content\/uploads\/2017\/08\/Capture-du-2017-08-18-11-29-47.png 689w\" sizes=\"(max-width: 300px) 100vw, 300px\" \/><\/a><p id=\"caption-attachment-4010\" class=\"wp-caption-text\">M\u00e9t\u00e9oFrance<\/p><\/div>\n<p>Alors que <strong><a href=\"http:\/\/www.meteociel.fr\/previsions\/19355\/sulniac.htm\" target=\"_blank\">M\u00e9t\u00e9ociel<\/a><\/strong> moins optimiste annonce un temps voil\u00e9<\/p>\n<div id=\"attachment_4011\" style=\"width: 310px\" class=\"wp-caption alignleft\"><a href=\"http:\/\/www.laurentmarot.fr\/wordpress\/wp-content\/uploads\/2017\/08\/Capture-du-2017-08-18-11-28-48.png\" rel=\"lightbox[4009]\"><img loading=\"lazy\" decoding=\"async\" aria-describedby=\"caption-attachment-4011\" src=\"http:\/\/www.laurentmarot.fr\/wordpress\/wp-content\/uploads\/2017\/08\/Capture-du-2017-08-18-11-28-48-300x190.png\" alt=\"Meteociel\" width=\"300\" height=\"190\" class=\"size-medium wp-image-4011\" srcset=\"https:\/\/www.laurentmarot.fr\/wordpress\/wp-content\/uploads\/2017\/08\/Capture-du-2017-08-18-11-28-48-300x190.png 300w, https:\/\/www.laurentmarot.fr\/wordpress\/wp-content\/uploads\/2017\/08\/Capture-du-2017-08-18-11-28-48-768x486.png 768w, https:\/\/www.laurentmarot.fr\/wordpress\/wp-content\/uploads\/2017\/08\/Capture-du-2017-08-18-11-28-48.png 770w\" sizes=\"(max-width: 300px) 100vw, 300px\" \/><\/a><p id=\"caption-attachment-4011\" class=\"wp-caption-text\">Meteociel<\/p><\/div>\n<p>Bizarre j&rsquo;ai plu\u00f4t l&rsquo;impression que c&rsquo;est le d\u00e9luge, non ????<br \/>\n<div id=\"attachment_4016\" style=\"width: 310px\" class=\"wp-caption alignleft\"><a href=\"http:\/\/www.laurentmarot.fr\/wordpress\/wp-content\/uploads\/2017\/08\/20170818_113428.jpg\" rel=\"lightbox[4009]\"><img loading=\"lazy\" decoding=\"async\" aria-describedby=\"caption-attachment-4016\" src=\"http:\/\/www.laurentmarot.fr\/wordpress\/wp-content\/uploads\/2017\/08\/20170818_113428-300x169.jpg\" alt=\"D\u00e9luge \u00e0 Lostihuel\" width=\"300\" height=\"169\" class=\"size-medium wp-image-4016\" srcset=\"https:\/\/www.laurentmarot.fr\/wordpress\/wp-content\/uploads\/2017\/08\/20170818_113428-300x169.jpg 300w, https:\/\/www.laurentmarot.fr\/wordpress\/wp-content\/uploads\/2017\/08\/20170818_113428-768x432.jpg 768w, https:\/\/www.laurentmarot.fr\/wordpress\/wp-content\/uploads\/2017\/08\/20170818_113428-1024x576.jpg 1024w\" sizes=\"(max-width: 300px) 100vw, 300px\" \/><\/a><p id=\"caption-attachment-4016\" class=\"wp-caption-text\">D\u00e9luge \u00e0 Lostihuel<\/p><\/div><\/p>\n\n","protected":false},"excerpt":{"rendered":"<p>J&rsquo;ai lu avant-hier que tous les 5 ans on gagnait un jour suppl\u00e9mentaire de possibilit\u00e9 de pr\u00e9visions m\u00e9t\u00e9o. Cool &#8230; j&rsquo;esp\u00e8re que dans 20 ans on pourra pr\u00e9dire le temps de la veille. En cette fin de matin\u00e9e c&rsquo;est compliqu\u00e9&#8230; M\u00e9t\u00e9oFrance fait \u00e9tat d&rsquo;\u00e9claircies : Alors que M\u00e9t\u00e9ociel moins optimiste annonce un temps voil\u00e9 Bizarre [&hellip;]<\/p>\n","protected":false},"author":1,"featured_media":0,"comment_status":"open","ping_status":"open","sticky":false,"template":"","format":"standard","meta":{"footnotes":""},"categories":[15,45],"tags":[],"_links":{"self":[{"href":"https:\/\/www.laurentmarot.fr\/wordpress\/index.php?rest_route=\/wp\/v2\/posts\/4009"}],"collection":[{"href":"https:\/\/www.laurentmarot.fr\/wordpress\/index.php?rest_route=\/wp\/v2\/posts"}],"about":[{"href":"https:\/\/www.laurentmarot.fr\/wordpress\/index.php?rest_route=\/wp\/v2\/types\/post"}],"author":[{"embeddable":true,"href":"https:\/\/www.laurentmarot.fr\/wordpress\/index.php?rest_route=\/wp\/v2\/users\/1"}],"replies":[{"embeddable":true,"href":"https:\/\/www.laurentmarot.fr\/wordpress\/index.php?rest_route=%2Fwp%2Fv2%2Fcomments&post=4009"}],"version-history":[{"count":5,"href":"https:\/\/www.laurentmarot.fr\/wordpress\/index.php?rest_route=\/wp\/v2\/posts\/4009\/revisions"}],"predecessor-version":[{"id":4017,"href":"https:\/\/www.laurentmarot.fr\/wordpress\/index.php?rest_route=\/wp\/v2\/posts\/4009\/revisions\/4017"}],"wp:attachment":[{"href":"https:\/\/www.laurentmarot.fr\/wordpress\/index.php?rest_route=%2Fwp%2Fv2%2Fmedia&parent=4009"}],"wp:term":[{"taxonomy":"category","embeddable":true,"href":"https:\/\/www.laurentmarot.fr\/wordpress\/index.php?rest_route=%2Fwp%2Fv2%2Fcategories&post=4009"},{"taxonomy":"post_tag","embeddable":true,"href":"https:\/\/www.laurentmarot.fr\/wordpress\/index.php?rest_route=%2Fwp%2Fv2%2Ftags&post=4009"}],"curies":[{"name":"wp","href":"https:\/\/api.w.org\/{rel}","templated":true}]}}