{"id":5123,"date":"2026-09-06T11:07:10","date_gmt":"2026-09-06T09:07:10","guid":{"rendered":"https:\/\/www.laurentmarot.fr\/wordpress\/?p=5123"},"modified":"2026-09-06T11:37:55","modified_gmt":"2026-09-06T09:37:55","slug":"5-a-7-sans-preservatif-sacre-alex","status":"publish","type":"post","link":"https:\/\/www.laurentmarot.fr\/wordpress\/?p=5123","title":{"rendered":"From Palantir to ChapsVision : 5 \u00e0 7 sans pr\u00e9servatif ?"},"content":{"rendered":"<div class=\"typography-primary-2xl-bold text-center\">\n<h1 class=\"typography-primary-2xl-bold inline\">\u00ab\u00a0Cela fera du mal \u00e0 la France\u00a0\u00bb\u00a0: \u00e9conduit par Paris, le patron de Palantir tire \u00e0 boulets rouges sur la souverainet\u00e9 num\u00e9rique fran\u00e7aise<\/h1>\n<p>&nbsp;<\/p>\n<\/div>\n<div id=\"attachment_5124\" style=\"width: 310px\" class=\"wp-caption alignleft\"><a href=\"https:\/\/www.laurentmarot.fr\/wordpress\/wp-content\/uploads\/2026\/09\/0210135604078-web-tete.jpg\" rel=\"lightbox[5123]\"><img loading=\"lazy\" decoding=\"async\" aria-describedby=\"caption-attachment-5124\" class=\"size-medium wp-image-5124\" src=\"https:\/\/www.laurentmarot.fr\/wordpress\/wp-content\/uploads\/2026\/09\/0210135604078-web-tete-300x169.jpg\" alt=\"Alex Karp, PDG de Palantir, a critiqu\u00e9 mercredi la strat\u00e9gie num\u00e9rique fran\u00e7aise en marge d'une r\u00e9union minist\u00e9rielle du G20 en Caroline du Nord.\" width=\"300\" height=\"169\" srcset=\"https:\/\/www.laurentmarot.fr\/wordpress\/wp-content\/uploads\/2026\/09\/0210135604078-web-tete-300x169.jpg 300w, https:\/\/www.laurentmarot.fr\/wordpress\/wp-content\/uploads\/2026\/09\/0210135604078-web-tete-1024x576.jpg 1024w, https:\/\/www.laurentmarot.fr\/wordpress\/wp-content\/uploads\/2026\/09\/0210135604078-web-tete-768x432.jpg 768w, https:\/\/www.laurentmarot.fr\/wordpress\/wp-content\/uploads\/2026\/09\/0210135604078-web-tete.jpg 1280w\" sizes=\"auto, (max-width: 300px) 100vw, 300px\" \/><\/a><p id=\"caption-attachment-5124\" class=\"wp-caption-text\">Alex Karp, PDG de Palantir, a critiqu\u00e9 mercredi la strat\u00e9gie num\u00e9rique fran\u00e7aise en marge d&rsquo;une r\u00e9union minist\u00e9rielle du G20 en Caroline du Nord. (Photo Matt Ramey\/AFP)<\/p><\/div>\n<p class=\"typography-primary-m-regular mb-7 mt-6 text-center\" data-testid=\"post-lead\">Alex Karp a critiqu\u00e9 la d\u00e9cision de la France de remplacer son logiciel par celui de l&rsquo;entreprise fran\u00e7aise <a href=\"https:\/\/www.chapsvision.com\/fr\/\" target=\"_blank\" rel=\"noopener\">ChapsVision<\/a>, selon l&rsquo;AFP. Il y voit une souverainet\u00e9 num\u00e9rique illusoire qui pourrait nuire aux int\u00e9r\u00eats du pays.<\/p>\n<p data-testid=\"post-authors\"><span class=\"sc-1h4katp-0 hpeCzI\">Article publi\u00e9 dans\u00a0<a href=\"https:\/\/www.lesechos.fr\/tech-medias\/intelligence-artificielle\/cela-fera-du-mal-a-la-france-les-critiques-au-vitriol-du-patron-de-palantir-sur-la-souverainete-numerique-francaise-2249565\" target=\"_blank\" rel=\"noopener\"><span class=\"text-main\">Les Echos<\/span><\/a> le 3 sept. 2026 \u00e0 10:54 (m<span class=\"sc-1h4katp-0 hpeCzI\">is \u00e0 jour le 3 sept. 2026 \u00e0 10:59)<\/span><\/span><\/p>\n<p>La France a voulu privil\u00e9gier l&rsquo;autonomie strat\u00e9gique en se s\u00e9parant des outils de <a href=\"https:\/\/www.palantir.com\" target=\"_blank\" rel=\"noopener\">Palantir<\/a> qu&rsquo;elle utilisait en particulier \u00e0 la DGSI (Direction g\u00e9n\u00e9rale de la s\u00e9curit\u00e9 int\u00e9rieure) depuis 2016 au profit de la solution de la start-up fran\u00e7aise <a href=\"https:\/\/www.chapsvision.com\/fr\/\" target=\"_blank\" rel=\"noopener\">ChapsVision<\/a>.<\/p>\n<p>Pour Alex Karp, passer par un acteur fran\u00e7ais ne prot\u00e8ge pas vraiment la France et ne g\u00e9n\u00e8re qu&rsquo;une illusion de protection car les entreprises fran\u00e7aises utilisent quoi qu&rsquo;il arrive des technologies et des mod\u00e8les d&rsquo;intelligence artificielle am\u00e9ricains ou chinois.<br \/>\nCroire que l&rsquo;on est en s\u00e9curit\u00e9 juste a cause d&rsquo;un label local, sans ma\u00eetriser le code ou le mod\u00e8le de fond, revient selon lui \u00e0 s&rsquo;exposer na\u00efvement au danger.<\/p>\n<div role=\"heading\" aria-level=\"3\" data-animation-nesting=\"\" data-sfc-cp=\"\" data-wiz-attrbind=\"aria-level=jJ22Vb_12\/fLk2Md\" data-sfc-root=\"ep\" data-complete=\"true\" data-copy-service-computed-style=\"font-family: Google Sans, Arial, sans-serif; font-size: 20px; font-weight: 600; margin: 24px 0px 12px; text-decoration: none; border-bottom: 0px rgb(0, 29, 53);\"><\/div>\n<div role=\"heading\" aria-level=\"3\" data-animation-nesting=\"\" data-sfc-cp=\"\" data-wiz-attrbind=\"aria-level=jJ22Vb_12\/fLk2Md\" data-sfc-root=\"ep\" data-complete=\"true\" data-copy-service-computed-style=\"font-family: Google Sans, Arial, sans-serif; font-size: 20px; font-weight: 600; margin: 24px 0px 12px; text-decoration: none; border-bottom: 0px rgb(0, 29, 53);\">Conclusion : Alex est vraiment mauvais perdant \ud83d\ude42<\/div>\n<div role=\"heading\" aria-level=\"3\" data-animation-nesting=\"\" data-sfc-cp=\"\" data-wiz-attrbind=\"aria-level=jJ22Vb_12\/fLk2Md\" data-sfc-root=\"ep\" data-complete=\"true\" data-copy-service-computed-style=\"font-family: Google Sans, Arial, sans-serif; font-size: 20px; font-weight: 600; margin: 24px 0px 12px; text-decoration: none; border-bottom: 0px rgb(0, 29, 53);\">Autres sources :<\/div>\n<div role=\"heading\" aria-level=\"3\" data-animation-nesting=\"\" data-sfc-cp=\"\" data-wiz-attrbind=\"aria-level=jJ22Vb_12\/fLk2Md\" data-sfc-root=\"ep\" data-complete=\"true\" data-copy-service-computed-style=\"font-family: Google Sans, Arial, sans-serif; font-size: 20px; font-weight: 600; margin: 24px 0px 12px; text-decoration: none; border-bottom: 0px rgb(0, 29, 53);\"><a href=\"https:\/\/www.lefigaro.fr\/secteur\/high-tech\/il-faut-une-regulation-qui-aide-vraiment-le-patron-de-palantir-juge-que-la-france-se-fera-du-mal-avec-une-souverainete-numerique-en-trompe-l-oeil-20260903\" target=\"_blank\" rel=\"noopener\">&#8211; Le Figaro<\/a><\/div>\n<div role=\"heading\" aria-level=\"3\" data-animation-nesting=\"\" data-sfc-cp=\"\" data-wiz-attrbind=\"aria-level=jJ22Vb_12\/fLk2Md\" data-sfc-root=\"ep\" data-complete=\"true\" data-copy-service-computed-style=\"font-family: Google Sans, Arial, sans-serif; font-size: 20px; font-weight: 600; margin: 24px 0px 12px; text-decoration: none; border-bottom: 0px rgb(0, 29, 53);\"><a href=\"https:\/\/www.afp.com\/ar\/node\/3836360\" target=\"_blank\" rel=\"noopener\">&#8211; AFP<\/a><\/div>\n<ul class=\"KsbFXc U6u95\" data-sfc-cp=\"\" data-sfc-root=\"ep\" data-ved=\"2ahUKEwjC947lzdmWAxXCQvEDHdipAzUQ-7AUegoIAggACAAIDBAA\" data-hveid=\"CAIIAAgACAwQAA\" data-complete=\"true\" data-copy-service-computed-style=\"font-family: Google Sans, Arial, sans-serif; font-size: 16px; font-weight: 400; margin: 12px 0px 16px; text-decoration: none; border-bottom: 0px rgb(10, 10, 10);\"><!--TgQPHd|||[]--><\/ul>\n<div class=\"yhAwj\" data-sfc-cp=\"\" data-sfc-root=\"ep\" data-complete=\"true\" data-sfc-inited=\"2\" data-copy-service-computed-style=\"font-family: Google Sans, Arial, sans-serif; font-size: 16px; font-weight: 400; margin: 0px; text-decoration: none; border-bottom: 0px rgb(10, 10, 10);\"><!--TgQPHd|||[]--><\/div>\n<div class=\"\" data-bfc=\"\" data-ved=\"2ahUKEwjC947lzdmWAxXCQvEDHdipAzUQi4wTegoIAggACAAIDxAD\" data-hveid=\"CAIIAAgACA8QAw\" data-copy-service-computed-style=\"font-family: Google Sans, Arial, sans-serif; font-size: 16px; font-weight: 400; margin: 0px; text-decoration: none; border-bottom: 0px rgb(10, 10, 10);\"><\/div>\n\n","protected":false},"excerpt":{"rendered":"<p>\u00ab\u00a0Cela fera du mal \u00e0 la France\u00a0\u00bb\u00a0: \u00e9conduit par Paris, le patron de Palantir tire \u00e0 boulets rouges sur la souverainet\u00e9 num\u00e9rique fran\u00e7aise &nbsp; Alex Karp a critiqu\u00e9 la d\u00e9cision de la France de remplacer son logiciel par celui de l&rsquo;entreprise fran\u00e7aise ChapsVision, selon l&rsquo;AFP. Il y voit une souverainet\u00e9 num\u00e9rique illusoire qui pourrait nuire [&hellip;]<\/p>\n","protected":false},"author":1,"featured_media":0,"comment_status":"open","ping_status":"open","sticky":false,"template":"","format":"standard","meta":{"footnotes":""},"categories":[68,66,67,65],"tags":[],"class_list":["post-5123","post","type-post","status-publish","format-standard","hentry","category-chapsvision","category-ia","category-palantir","category-systemes"],"_links":{"self":[{"href":"https:\/\/www.laurentmarot.fr\/wordpress\/index.php?rest_route=\/wp\/v2\/posts\/5123","targetHints":{"allow":["GET"]}}],"collection":[{"href":"https:\/\/www.laurentmarot.fr\/wordpress\/index.php?rest_route=\/wp\/v2\/posts"}],"about":[{"href":"https:\/\/www.laurentmarot.fr\/wordpress\/index.php?rest_route=\/wp\/v2\/types\/post"}],"author":[{"embeddable":true,"href":"https:\/\/www.laurentmarot.fr\/wordpress\/index.php?rest_route=\/wp\/v2\/users\/1"}],"replies":[{"embeddable":true,"href":"https:\/\/www.laurentmarot.fr\/wordpress\/index.php?rest_route=%2Fwp%2Fv2%2Fcomments&post=5123"}],"version-history":[{"count":12,"href":"https:\/\/www.laurentmarot.fr\/wordpress\/index.php?rest_route=\/wp\/v2\/posts\/5123\/revisions"}],"predecessor-version":[{"id":5136,"href":"https:\/\/www.laurentmarot.fr\/wordpress\/index.php?rest_route=\/wp\/v2\/posts\/5123\/revisions\/5136"}],"wp:attachment":[{"href":"https:\/\/www.laurentmarot.fr\/wordpress\/index.php?rest_route=%2Fwp%2Fv2%2Fmedia&parent=5123"}],"wp:term":[{"taxonomy":"category","embeddable":true,"href":"https:\/\/www.laurentmarot.fr\/wordpress\/index.php?rest_route=%2Fwp%2Fv2%2Fcategories&post=5123"},{"taxonomy":"post_tag","embeddable":true,"href":"https:\/\/www.laurentmarot.fr\/wordpress\/index.php?rest_route=%2Fwp%2Fv2%2Ftags&post=5123"}],"curies":[{"name":"wp","href":"https:\/\/api.w.org\/{rel}","templated":true}]}}